{"id":1662,"date":"2021-10-13T09:00:30","date_gmt":"2021-10-13T07:00:30","guid":{"rendered":"https:\/\/liceumnr1sochaczew.pl\/?p=1662"},"modified":"2024-07-31T14:41:45","modified_gmt":"2024-07-31T12:41:45","slug":"zajecia-ze-strazakiem-komendy-powiatowej-panstwowej-strazy-pozarnej","status":"publish","type":"post","link":"https:\/\/liceumnr1sochaczew.pl\/index.php\/2021\/10\/13\/zajecia-ze-strazakiem-komendy-powiatowej-panstwowej-strazy-pozarnej\/","title":{"rendered":"Zaj\u0119cia ze stra\u017cakiem Komendy Powiatowej Pa\u0144stwowej Stra\u017cy Po\u017carnej"},"content":{"rendered":"\n<p>12 pa\u017adziernika go\u015bcili\u015bmy w naszej szkole stra\u017caka z Komendy Powiatowej Pa\u0144stwowej Stra\u017cy Po\u017carnej w Sochaczewie. Spotkanie zosta\u0142o zorganizowane dla wszystkich klas i mia\u0142o na celu przybli\u017cy\u0107 udzielanie pierwszej pomocy przedmedycznej. Uczniowie dowiedzieli si\u0119 jak post\u0119powa\u0107 w sytuacjach zagro\u017cenia \u017cycia i zdrowia. Zosta\u0142a r\u00f3wnie\u017c zademonstrowana prawid\u0142owo przeprowadzona resuscytacja kr\u0105\u017ceniowo-oddechowa u osoby doros\u0142ej oraz niemowlaka. Po prezentacji ch\u0119tne osoby mog\u0142y pod czujnym okiem specjalisty prze\u0107wiczy\u0107 udzielanie pierwszej pomocy. Zaj\u0119cia by\u0142y szczeg\u00f3lnie przydatne dla cz\u0119\u015bci uczni\u00f3w, kt\u00f3rzy wybrali profil opieki medycznej. Bowiem, mogli przyjrze\u0107 si\u0119 praktycznym dzia\u0142aniom ratownika oraz posi\u0105\u015b\u0107 bezcenna wiedz\u0119 i umiej\u0119tno\u015bci potrzebne do ratowania \u017cycia.<\/p>\n","protected":false},"excerpt":{"rendered":"<p>12 pa\u017adziernika go\u015bcili\u015bmy w naszej szkole stra\u017caka z Komendy Powiatowej Pa\u0144stwowej Stra\u017cy Po\u017carnej w Sochaczewie. Spotkanie zosta\u0142o zorganizowane dla wszystkich klas i mia\u0142o na celu przybli\u017cy\u0107 udzielanie pierwszej pomocy przedmedycznej. Uczniowie dowiedzieli si\u0119 jak post\u0119powa\u0107 w sytuacjach zagro\u017cenia \u017cycia i zdrowia. Zosta\u0142a r\u00f3wnie\u017c zademonstrowana prawid\u0142owo przeprowadzona resuscytacja kr\u0105\u017ceniowo-oddechowa u osoby doros\u0142ej oraz niemowlaka. Po prezentacji [&hellip;]<\/p>\n","protected":false},"author":1,"featured_media":0,"comment_status":"closed","ping_status":"open","sticky":false,"template":"","format":"standard","meta":{"zakra_sidebar_layout":"customizer","zakra_remove_content_margin":false,"zakra_sidebar":"customizer","zakra_transparent_header":"customizer","zakra_logo":0,"zakra_main_header_style":"default","zakra_menu_item_color":"","zakra_menu_item_hover_color":"","zakra_menu_item_active_color":"","zakra_menu_active_style":"","zakra_page_header":true,"pgc_sgb_lightbox_settings":"","footnotes":""},"categories":[1],"tags":[],"class_list":["post-1662","post","type-post","status-publish","format-standard","hentry","category-bez-kategorii"],"_links":{"self":[{"href":"https:\/\/liceumnr1sochaczew.pl\/index.php\/wp-json\/wp\/v2\/posts\/1662","targetHints":{"allow":["GET"]}}],"collection":[{"href":"https:\/\/liceumnr1sochaczew.pl\/index.php\/wp-json\/wp\/v2\/posts"}],"about":[{"href":"https:\/\/liceumnr1sochaczew.pl\/index.php\/wp-json\/wp\/v2\/types\/post"}],"author":[{"embeddable":true,"href":"https:\/\/liceumnr1sochaczew.pl\/index.php\/wp-json\/wp\/v2\/users\/1"}],"replies":[{"embeddable":true,"href":"https:\/\/liceumnr1sochaczew.pl\/index.php\/wp-json\/wp\/v2\/comments?post=1662"}],"version-history":[{"count":1,"href":"https:\/\/liceumnr1sochaczew.pl\/index.php\/wp-json\/wp\/v2\/posts\/1662\/revisions"}],"predecessor-version":[{"id":4674,"href":"https:\/\/liceumnr1sochaczew.pl\/index.php\/wp-json\/wp\/v2\/posts\/1662\/revisions\/4674"}],"wp:attachment":[{"href":"https:\/\/liceumnr1sochaczew.pl\/index.php\/wp-json\/wp\/v2\/media?parent=1662"}],"wp:term":[{"taxonomy":"category","embeddable":true,"href":"https:\/\/liceumnr1sochaczew.pl\/index.php\/wp-json\/wp\/v2\/categories?post=1662"},{"taxonomy":"post_tag","embeddable":true,"href":"https:\/\/liceumnr1sochaczew.pl\/index.php\/wp-json\/wp\/v2\/tags?post=1662"}],"curies":[{"name":"wp","href":"https:\/\/api.w.org\/{rel}","templated":true}]}}