{"id":1702,"date":"2021-10-29T15:11:04","date_gmt":"2021-10-29T13:11:04","guid":{"rendered":"https:\/\/liceumnr1sochaczew.pl\/?p=1702"},"modified":"2024-07-31T14:41:45","modified_gmt":"2024-07-31T12:41:45","slug":"pazdziernikowe-seanse","status":"publish","type":"post","link":"https:\/\/liceumnr1sochaczew.pl\/index.php\/2021\/10\/29\/pazdziernikowe-seanse\/","title":{"rendered":"Pa\u017adziernikowe seanse"},"content":{"rendered":"\n<p>27 pa\u017adziernika klasa I i II<sup>B<\/sup> wraz z wychowawcami uczestniczy\u0142a w projekcji filmu \u201eDiuna\u201d w re\u017cyserii Denisa Villeneuve\u2019a w kinie ODEON. Po udanym seansie uczniowie wraz opiekunami udali si\u0119 na plac Ko\u015bciuszki, aby obejrze\u0107 plenerow\u0105 wystaw\u0119 z okazji jubileuszu 50-lecia rugby w Sochaczewie. <\/p>\n\n\n\n<p>Zwie\u0144czeniem wyj\u015bcia integracyjnego by\u0142a wsp\u00f3lna pizza.<\/p>\n\n\n\n<p>W pa\u017adzierniku r\u00f3wnie\u017c klasy III uda\u0142y si\u0119 na pokaz filmowy. Starsze klasy obejrza\u0142y wa\u017cn\u0105, now\u0105 pozycj\u0119 w polskiej kinematografii jak\u0105 jest \u201eWesele\u201d w re\u017cyserii Wojciecha Smarzowskiego.<\/p>\n\n\n\n<div class=\"wp-block-columns is-layout-flex wp-container-core-columns-is-layout-28f84493 wp-block-columns-is-layout-flex\">\n<div class=\"wp-block-column is-layout-flow wp-block-column-is-layout-flow\" style=\"flex-basis:100%\">\n<div class=\"wp-block-group is-layout-flow wp-block-group-is-layout-flow\">\n<div class=\"wp-block-image is-style-default\"><figure class=\"aligncenter size-large is-resized\"><img fetchpriority=\"high\" decoding=\"async\" src=\"https:\/\/liceumnr1sochaczew.pl\/wp-content\/uploads\/2021\/10\/ODEON-sochaczew00-1-edited.jpg\" alt=\"\" class=\"wp-image-1705\" width=\"616\" height=\"462\"\/><\/figure><\/div>\n<\/div>\n<\/div>\n<\/div>\n","protected":false},"excerpt":{"rendered":"<p>27 pa\u017adziernika klasa I i IIB wraz z wychowawcami uczestniczy\u0142a w projekcji filmu \u201eDiuna\u201d w re\u017cyserii Denisa Villeneuve\u2019a w kinie ODEON. Po udanym seansie uczniowie wraz opiekunami udali si\u0119 na plac Ko\u015bciuszki, aby obejrze\u0107 plenerow\u0105 wystaw\u0119 z okazji jubileuszu 50-lecia rugby w Sochaczewie. Zwie\u0144czeniem wyj\u015bcia integracyjnego by\u0142a wsp\u00f3lna pizza. W pa\u017adzierniku r\u00f3wnie\u017c klasy III uda\u0142y [&hellip;]<\/p>\n","protected":false},"author":1,"featured_media":0,"comment_status":"closed","ping_status":"open","sticky":false,"template":"","format":"standard","meta":{"zakra_sidebar_layout":"customizer","zakra_remove_content_margin":false,"zakra_sidebar":"customizer","zakra_transparent_header":"customizer","zakra_logo":0,"zakra_main_header_style":"default","zakra_menu_item_color":"","zakra_menu_item_hover_color":"","zakra_menu_item_active_color":"","zakra_menu_active_style":"","zakra_page_header":true,"pgc_sgb_lightbox_settings":"","footnotes":""},"categories":[1],"tags":[],"class_list":["post-1702","post","type-post","status-publish","format-standard","hentry","category-bez-kategorii"],"_links":{"self":[{"href":"https:\/\/liceumnr1sochaczew.pl\/index.php\/wp-json\/wp\/v2\/posts\/1702","targetHints":{"allow":["GET"]}}],"collection":[{"href":"https:\/\/liceumnr1sochaczew.pl\/index.php\/wp-json\/wp\/v2\/posts"}],"about":[{"href":"https:\/\/liceumnr1sochaczew.pl\/index.php\/wp-json\/wp\/v2\/types\/post"}],"author":[{"embeddable":true,"href":"https:\/\/liceumnr1sochaczew.pl\/index.php\/wp-json\/wp\/v2\/users\/1"}],"replies":[{"embeddable":true,"href":"https:\/\/liceumnr1sochaczew.pl\/index.php\/wp-json\/wp\/v2\/comments?post=1702"}],"version-history":[{"count":1,"href":"https:\/\/liceumnr1sochaczew.pl\/index.php\/wp-json\/wp\/v2\/posts\/1702\/revisions"}],"predecessor-version":[{"id":4673,"href":"https:\/\/liceumnr1sochaczew.pl\/index.php\/wp-json\/wp\/v2\/posts\/1702\/revisions\/4673"}],"wp:attachment":[{"href":"https:\/\/liceumnr1sochaczew.pl\/index.php\/wp-json\/wp\/v2\/media?parent=1702"}],"wp:term":[{"taxonomy":"category","embeddable":true,"href":"https:\/\/liceumnr1sochaczew.pl\/index.php\/wp-json\/wp\/v2\/categories?post=1702"},{"taxonomy":"post_tag","embeddable":true,"href":"https:\/\/liceumnr1sochaczew.pl\/index.php\/wp-json\/wp\/v2\/tags?post=1702"}],"curies":[{"name":"wp","href":"https:\/\/api.w.org\/{rel}","templated":true}]}}