{"id":2012,"date":"2022-04-06T14:35:26","date_gmt":"2022-04-06T12:35:26","guid":{"rendered":"https:\/\/liceumnr1sochaczew.pl\/?p=2012"},"modified":"2024-07-31T14:41:25","modified_gmt":"2024-07-31T12:41:25","slug":"relacja-z-dni-otwartych","status":"publish","type":"post","link":"https:\/\/liceumnr1sochaczew.pl\/index.php\/2022\/04\/06\/relacja-z-dni-otwartych\/","title":{"rendered":"Relacja z Dni Otwartych"},"content":{"rendered":"\n<p>W dniach 5-6 kwietnia mieli\u015bmy wielk\u0105 przyjemno\u015b\u0107 prezentowa\u0107 katalog edukacyjny na rok szkolny 2022\/2023 przyby\u0142ym \u00f3smoklasist\u0105 oraz go\u015bciom. Ogromne zaanga\u017cowanie dyrekcji, nauczycieli p. Marzeny Wylot, p. Bart\u0142omieja Jaworskiego, pracownik\u00f3w szko\u0142y, przedstawicieli patronackiej jednostki wojskowej <a href=\"https:\/\/www.facebook.com\/3brygada.rakietowaOP?__cft__[0]=AZWMGoJ0YfiwSJOZrFupLCtOYZkwdMcYhmy7afHfHtmo64YQT3EbY9QLR9BJ8fhAvoyTH_98QKdxhtOKrisSO0bWKOk_XbqaTjJeGdbom4DVJQLzKpqI4fgQeSiEdPvks4Q8Rds4ZbMaCjpUyZpYb_HUMBrsxHeRAtJDgc6X7sGSXQ&amp;__tn__=-]K-R\">3. Warszawska Brygada Rakietowa Obrony Powietrznej<\/a>, Stra\u017cy Po\u017carnej w Sochaczewie w organizacj\u0119 \u201eDni Otwartych\u201d sprawi\u0142y, \u017ce przyszli kandydaci wychodzili usatysfakcjonowani. Opr\u00f3cz podstawowych informacji na temat naszej plac\u00f3wki go\u015bcie mogli podziwia\u0107 umiej\u0119tno\u015bci naszych uczni\u00f3w w udzielaniu pierwszej pomocy przedmedycznej <img decoding=\"async\" height=\"16\" width=\"16\" data-src=\"https:\/\/static.xx.fbcdn.net\/images\/emoji.php\/v9\/tea\/1\/16\/1f469_200d_1f52c.png\" alt=\"&#x1f469;&#x200d;&#x1f52c;\" src=\"data:image\/svg+xml;base64,PHN2ZyB3aWR0aD0iMSIgaGVpZ2h0PSIxIiB4bWxucz0iaHR0cDovL3d3dy53My5vcmcvMjAwMC9zdmciPjwvc3ZnPg==\" class=\"lazyload\" style=\"--smush-placeholder-width: 16px; --smush-placeholder-aspect-ratio: 16\/16;\"><img decoding=\"async\" height=\"16\" width=\"16\" data-src=\"https:\/\/static.xx.fbcdn.net\/images\/emoji.php\/v9\/tc3\/1\/16\/1fa7a.png\" alt=\"&#x1fa7a;\" src=\"data:image\/svg+xml;base64,PHN2ZyB3aWR0aD0iMSIgaGVpZ2h0PSIxIiB4bWxucz0iaHR0cDovL3d3dy53My5vcmcvMjAwMC9zdmciPjwvc3ZnPg==\" class=\"lazyload\" style=\"--smush-placeholder-width: 16px; --smush-placeholder-aspect-ratio: 16\/16;\"> lub emocjonuj\u0105cych rozgrywkach E-sportowych<img decoding=\"async\" height=\"16\" width=\"16\" data-src=\"https:\/\/static.xx.fbcdn.net\/images\/emoji.php\/v9\/t2f\/1\/16\/1f3ae.png\" alt=\"&#x1f3ae;\" src=\"data:image\/svg+xml;base64,PHN2ZyB3aWR0aD0iMSIgaGVpZ2h0PSIxIiB4bWxucz0iaHR0cDovL3d3dy53My5vcmcvMjAwMC9zdmciPjwvc3ZnPg==\" class=\"lazyload\" style=\"--smush-placeholder-width: 16px; --smush-placeholder-aspect-ratio: 16\/16;\"> Mogli odwiedzi\u0107 stanowiska po\u015bwi\u0119cone najwa\u017cniejszym aspektom ka\u017cdego z kierunk\u00f3w kszta\u0142cenia. Na go\u015bci czeka\u0142 sprz\u0119t wojskowy oraz na parkingu szko\u0142y wyposa\u017cony w\u00f3z stra\u017cacki <img decoding=\"async\" height=\"16\" width=\"16\" data-src=\"https:\/\/static.xx.fbcdn.net\/images\/emoji.php\/v9\/t67\/1\/16\/1f692.png\" alt=\"&#x1f692;\" src=\"data:image\/svg+xml;base64,PHN2ZyB3aWR0aD0iMSIgaGVpZ2h0PSIxIiB4bWxucz0iaHR0cDovL3d3dy53My5vcmcvMjAwMC9zdmciPjwvc3ZnPg==\" class=\"lazyload\" style=\"--smush-placeholder-width: 16px; --smush-placeholder-aspect-ratio: 16\/16;\">. Zaproszona m\u0142odzie\u017c mia\u0142a okazj\u0119 zwiedzi\u0107 szko\u0142\u0119 i na \u017cywo poczu\u0107 jej niepowtarzaln\u0105 atmosfer\u0119. Porozmawia\u0107 z licealistami, kt\u00f3rzy ochoczo opowiadali o nauce w naszej szkole i zach\u0119cali do wst\u0105pienia w jej mury. Szczeg\u00f3lnym zainteresowaniem cieszy\u0142o si\u0119 stanowisko sk\u0142adania i rozk\u0142adania broni przez nasze uczennice, kt\u00f3re w terminie 6-8 czerwca b\u0119d\u0105 reprezentowa\u0107 nasze liceum w zawodach sportowo \u2013 obronnych <img decoding=\"async\" height=\"16\" width=\"16\" data-src=\"https:\/\/static.xx.fbcdn.net\/images\/emoji.php\/v9\/tfd\/1\/16\/1f52b.png\" alt=\"&#x1f52b;\" src=\"data:image\/svg+xml;base64,PHN2ZyB3aWR0aD0iMSIgaGVpZ2h0PSIxIiB4bWxucz0iaHR0cDovL3d3dy53My5vcmcvMjAwMC9zdmciPjwvc3ZnPg==\" class=\"lazyload\" style=\"--smush-placeholder-width: 16px; --smush-placeholder-aspect-ratio: 16\/16;\">. Wyb\u00f3r naszej szko\u0142y to mnogo\u015b\u0107 atrakcji, wykwalifikowana kadra nauczycielska, oraz bogactwo mo\u017cliwo\u015bci rozci\u0105gaj\u0105cych si\u0119 przed naszymi uczniami po zako\u0144czeniu liceum. Frekwencja dopisa\u0142a! Mamy nadzieje, \u017ce do zobaczenia wkr\u00f3tce!<img decoding=\"async\" height=\"16\" width=\"16\" data-src=\"https:\/\/static.xx.fbcdn.net\/images\/emoji.php\/v9\/tce\/1\/16\/1f600.png\" alt=\"&#x1f600;\" src=\"data:image\/svg+xml;base64,PHN2ZyB3aWR0aD0iMSIgaGVpZ2h0PSIxIiB4bWxucz0iaHR0cDovL3d3dy53My5vcmcvMjAwMC9zdmciPjwvc3ZnPg==\" class=\"lazyload\" style=\"--smush-placeholder-width: 16px; --smush-placeholder-aspect-ratio: 16\/16;\"><\/p>\n\n\n\n<p>Zapraszamy do zak\u0142adki &#8222;Galeria&#8221; tam fotorelacja z wydarzenia.<\/p>\n","protected":false},"excerpt":{"rendered":"<p>W dniach 5-6 kwietnia mieli\u015bmy wielk\u0105 przyjemno\u015b\u0107 prezentowa\u0107 katalog edukacyjny na rok szkolny 2022\/2023 przyby\u0142ym \u00f3smoklasist\u0105 oraz go\u015bciom. Ogromne zaanga\u017cowanie dyrekcji, nauczycieli p. Marzeny Wylot, p. Bart\u0142omieja Jaworskiego, pracownik\u00f3w szko\u0142y, przedstawicieli patronackiej jednostki wojskowej 3. Warszawska Brygada Rakietowa Obrony Powietrznej, Stra\u017cy Po\u017carnej w Sochaczewie w organizacj\u0119 \u201eDni Otwartych\u201d sprawi\u0142y, \u017ce przyszli kandydaci wychodzili usatysfakcjonowani. Opr\u00f3cz [&hellip;]<\/p>\n","protected":false},"author":1,"featured_media":0,"comment_status":"closed","ping_status":"open","sticky":false,"template":"","format":"standard","meta":{"zakra_sidebar_layout":"customizer","zakra_remove_content_margin":false,"zakra_sidebar":"customizer","zakra_transparent_header":"customizer","zakra_logo":0,"zakra_main_header_style":"default","zakra_menu_item_color":"","zakra_menu_item_hover_color":"","zakra_menu_item_active_color":"","zakra_menu_active_style":"","zakra_page_header":true,"pgc_sgb_lightbox_settings":"","footnotes":""},"categories":[1],"tags":[],"class_list":["post-2012","post","type-post","status-publish","format-standard","hentry","category-bez-kategorii"],"_links":{"self":[{"href":"https:\/\/liceumnr1sochaczew.pl\/index.php\/wp-json\/wp\/v2\/posts\/2012","targetHints":{"allow":["GET"]}}],"collection":[{"href":"https:\/\/liceumnr1sochaczew.pl\/index.php\/wp-json\/wp\/v2\/posts"}],"about":[{"href":"https:\/\/liceumnr1sochaczew.pl\/index.php\/wp-json\/wp\/v2\/types\/post"}],"author":[{"embeddable":true,"href":"https:\/\/liceumnr1sochaczew.pl\/index.php\/wp-json\/wp\/v2\/users\/1"}],"replies":[{"embeddable":true,"href":"https:\/\/liceumnr1sochaczew.pl\/index.php\/wp-json\/wp\/v2\/comments?post=2012"}],"version-history":[{"count":1,"href":"https:\/\/liceumnr1sochaczew.pl\/index.php\/wp-json\/wp\/v2\/posts\/2012\/revisions"}],"predecessor-version":[{"id":4649,"href":"https:\/\/liceumnr1sochaczew.pl\/index.php\/wp-json\/wp\/v2\/posts\/2012\/revisions\/4649"}],"wp:attachment":[{"href":"https:\/\/liceumnr1sochaczew.pl\/index.php\/wp-json\/wp\/v2\/media?parent=2012"}],"wp:term":[{"taxonomy":"category","embeddable":true,"href":"https:\/\/liceumnr1sochaczew.pl\/index.php\/wp-json\/wp\/v2\/categories?post=2012"},{"taxonomy":"post_tag","embeddable":true,"href":"https:\/\/liceumnr1sochaczew.pl\/index.php\/wp-json\/wp\/v2\/tags?post=2012"}],"curies":[{"name":"wp","href":"https:\/\/api.w.org\/{rel}","templated":true}]}}