{"id":2077,"date":"2022-05-05T08:11:59","date_gmt":"2022-05-05T06:11:59","guid":{"rendered":"https:\/\/liceumnr1sochaczew.pl\/?p=2077"},"modified":"2024-07-31T14:41:25","modified_gmt":"2024-07-31T12:41:25","slug":"zakonczenie-roku-szkolnego-klasy-maturalnej","status":"publish","type":"post","link":"https:\/\/liceumnr1sochaczew.pl\/index.php\/2022\/05\/05\/zakonczenie-roku-szkolnego-klasy-maturalnej\/","title":{"rendered":"Zako\u0144czenie roku szkolnego klasy maturalnej"},"content":{"rendered":"\n<blockquote class=\"wp-block-quote is-style-plain is-layout-flow wp-block-quote-is-layout-flow\"><p>&#8222;Co\u015b si\u0119 ko\u0144czy co\u015b zaczyna&#8221; to najtrafniejsze s\u0142owa, kt\u00f3re opisuj\u0105 uroczyste zako\u0144czenie roku szkolnego klasy IIIG, kt\u00f3re odby\u0142o si\u0119 29.04.2022r. W przem\u00f3wieniu Pani Dyrektor pojawi\u0142y si\u0119 ciep\u0142e s\u0142owa skierowane do maturzyst\u00f3w, \u017cyczenia powodzenia i sukces\u00f3w na egzaminach maturalnych. Wr\u0119czono dyplomy oraz nagrody ksi\u0105\u017ckowe osob\u0105, kt\u00f3re zdoby\u0142y najwy\u017csze wyniki w nauce, wyr\u00f3\u017cniali si\u0119 wysok\u0105 frekwencj\u0105 lub wykazywali du\u017ce zaanga\u017cowanie w \u017cycie klasy oraz szko\u0142y. Abiturientom \u015bwiadectwa wr\u0119czy\u0142a wychowawczyni <\/p><p>p. Albina Milczarek. <\/p><p><em>&#8222;Uparcie i skrycie, och \u017cycie kocham Ci\u0119 kocham Ci\u0119 nad \u017cycie. Cho\u0107 barwy \u015bciemniasz, cho\u0107 tej w\u0119dr\u00f3wki mi nie uprzyjemniasz <\/em><\/p><p><em>Tak si\u0119 ma\u0142o odwzajemniasz! <\/em><\/p><p><em>Kocham Ci\u0119 \u017cycie &#8211; poznawa\u0107 pragn\u0119 Ci\u0119 w zachwycie&#8230;&#8221;<\/em><\/p><p>Tymi s\u0142owami skierowanymi do wychowank\u00f3w lekcj\u0119 o \u017cyciu rozpocz\u0119\u0142a pani profesor. Podkre\u015blaj\u0105c, i\u017c jest to teraz prawdziwa doros\u0142o\u015b\u0107 pe\u0142na odpowiedzialno\u015bci za siebie i swoje wybory. Zamykaj\u0105c ostatni\u0105 wsp\u00f3ln\u0105 lekcj\u0119 p. Milczarek \u017cyczy\u0142a absolwentom aby ich podr\u00f3\u017c zwana \u017cyciem by\u0142a ciekawa, pe\u0142na zaskakuj\u0105cych zdarze\u0144, wyj\u0105tkowych ludzi a przede wszystkim, \u017ceby by\u0142a satysfakcjonuj\u0105ca! By\u0142 to czas po\u017cegna\u0144, \u0142ez, ostatnich wsp\u00f3lnych zdj\u0119\u0107. Gratulujemy Wam pomy\u015blnego zako\u0144czenia edukacji w naszym liceum. <\/p><p>Ruszajcie dalej wybran\u0105 przez Was drog\u0105!<\/p><\/blockquote>\n","protected":false},"excerpt":{"rendered":"<p>&#8222;Co\u015b si\u0119 ko\u0144czy co\u015b zaczyna&#8221; to najtrafniejsze s\u0142owa, kt\u00f3re opisuj\u0105 uroczyste zako\u0144czenie roku szkolnego klasy IIIG, kt\u00f3re odby\u0142o si\u0119 29.04.2022r. W przem\u00f3wieniu Pani Dyrektor pojawi\u0142y si\u0119 ciep\u0142e s\u0142owa skierowane do maturzyst\u00f3w, \u017cyczenia powodzenia i sukces\u00f3w na egzaminach maturalnych. Wr\u0119czono dyplomy oraz nagrody ksi\u0105\u017ckowe osob\u0105, kt\u00f3re zdoby\u0142y najwy\u017csze wyniki w nauce, wyr\u00f3\u017cniali si\u0119 wysok\u0105 frekwencj\u0105 lub [&hellip;]<\/p>\n","protected":false},"author":1,"featured_media":0,"comment_status":"closed","ping_status":"open","sticky":false,"template":"","format":"standard","meta":{"zakra_sidebar_layout":"customizer","zakra_remove_content_margin":false,"zakra_sidebar":"customizer","zakra_transparent_header":"customizer","zakra_logo":0,"zakra_main_header_style":"default","zakra_menu_item_color":"","zakra_menu_item_hover_color":"","zakra_menu_item_active_color":"","zakra_menu_active_style":"","zakra_page_header":true,"pgc_sgb_lightbox_settings":"","footnotes":""},"categories":[1],"tags":[],"class_list":["post-2077","post","type-post","status-publish","format-standard","hentry","category-bez-kategorii"],"_links":{"self":[{"href":"https:\/\/liceumnr1sochaczew.pl\/index.php\/wp-json\/wp\/v2\/posts\/2077","targetHints":{"allow":["GET"]}}],"collection":[{"href":"https:\/\/liceumnr1sochaczew.pl\/index.php\/wp-json\/wp\/v2\/posts"}],"about":[{"href":"https:\/\/liceumnr1sochaczew.pl\/index.php\/wp-json\/wp\/v2\/types\/post"}],"author":[{"embeddable":true,"href":"https:\/\/liceumnr1sochaczew.pl\/index.php\/wp-json\/wp\/v2\/users\/1"}],"replies":[{"embeddable":true,"href":"https:\/\/liceumnr1sochaczew.pl\/index.php\/wp-json\/wp\/v2\/comments?post=2077"}],"version-history":[{"count":1,"href":"https:\/\/liceumnr1sochaczew.pl\/index.php\/wp-json\/wp\/v2\/posts\/2077\/revisions"}],"predecessor-version":[{"id":4646,"href":"https:\/\/liceumnr1sochaczew.pl\/index.php\/wp-json\/wp\/v2\/posts\/2077\/revisions\/4646"}],"wp:attachment":[{"href":"https:\/\/liceumnr1sochaczew.pl\/index.php\/wp-json\/wp\/v2\/media?parent=2077"}],"wp:term":[{"taxonomy":"category","embeddable":true,"href":"https:\/\/liceumnr1sochaczew.pl\/index.php\/wp-json\/wp\/v2\/categories?post=2077"},{"taxonomy":"post_tag","embeddable":true,"href":"https:\/\/liceumnr1sochaczew.pl\/index.php\/wp-json\/wp\/v2\/tags?post=2077"}],"curies":[{"name":"wp","href":"https:\/\/api.w.org\/{rel}","templated":true}]}}