{"id":2321,"date":"2022-09-22T17:12:34","date_gmt":"2022-09-22T15:12:34","guid":{"rendered":"https:\/\/liceumnr1sochaczew.pl\/?p=2321"},"modified":"2024-07-31T14:41:09","modified_gmt":"2024-07-31T12:41:09","slug":"zostan-zolnierzem-rp-prelekcja-w-klasach-opw-oraz-maturalnej","status":"publish","type":"post","link":"https:\/\/liceumnr1sochaczew.pl\/index.php\/2022\/09\/22\/zostan-zolnierzem-rp-prelekcja-w-klasach-opw-oraz-maturalnej\/","title":{"rendered":"Zosta\u0144 \u017bo\u0142nierzem RP &#8211; prelekcja w klasach OPW i maturalnej"},"content":{"rendered":"\n<p>22 wrze\u015bnia 2022r. odby\u0142a si\u0119 w naszej szkole prelekcja w ramach projektu &#8222;Zosta\u0144 \u017bo\u0142nierzem RP &#8211; KANDYDAT&#8221; kt\u00f3r\u0105 przedstawi\u0142 major Robert Wojciechowski z Wydzia\u0142u Rekrutacji Wojskowej Komendy Uzupe\u0142nie\u0144 w P\u0142ocku. Uczniowie klasy maturalnej oraz kadeci Oddzia\u0142\u00f3w Przygotowania Wojskowego podczas spotkania zostali zapoznani z procedur\u0105 naboru ochotnik\u00f3w do pe\u0142nienia s\u0142u\u017cby wojskowej oraz dalsz\u0105 \u015bcie\u017ck\u0105 kszta\u0142cenia po szkole ponadpodstawowej. M\u0142odzie\u017c zosta\u0142a poinformowana, i\u017c <a><\/a>Wojsko Polskie daje ka\u017cdemu szans\u0119 na stabiln\u0105 prac\u0119, samorealizacj\u0119, mo\u017cliwo\u015b\u0107 rozwoju zawodowego oraz pe\u0142nienia honorowej s\u0142u\u017cby Ojczy\u017anie.<\/p>\n\n\n\n<p>Dzi\u0119kujemy majorowi Wojciechowskiemu za ciekawy wyk\u0142ad <img decoding=\"async\" height=\"16\" width=\"16\" data-src=\"https:\/\/static.xx.fbcdn.net\/images\/emoji.php\/v9\/t4c\/1\/16\/1f642.png\" alt=\"&#x1f642;\" src=\"data:image\/svg+xml;base64,PHN2ZyB3aWR0aD0iMSIgaGVpZ2h0PSIxIiB4bWxucz0iaHR0cDovL3d3dy53My5vcmcvMjAwMC9zdmciPjwvc3ZnPg==\" class=\"lazyload\" style=\"--smush-placeholder-width: 16px; --smush-placeholder-aspect-ratio: 16\/16;\"><\/p>\n\n\n\n<figure class=\"wp-block-image size-large\"><img decoding=\"async\" data-src=\"https:\/\/liceumnr1sochaczew.pl\/wp-content\/uploads\/2022\/09\/307275982_5577965108962000_8285533442933427941_n-1-1024x473.jpg\" alt=\"\" class=\"wp-image-2327 lazyload\" src=\"data:image\/svg+xml;base64,PHN2ZyB3aWR0aD0iMSIgaGVpZ2h0PSIxIiB4bWxucz0iaHR0cDovL3d3dy53My5vcmcvMjAwMC9zdmciPjwvc3ZnPg==\" style=\"--smush-placeholder-width: 1024px; --smush-placeholder-aspect-ratio: 1024\/473;\" \/><\/figure>\n\n\n\n<figure class=\"wp-block-image size-large\"><img decoding=\"async\" data-src=\"https:\/\/liceumnr1sochaczew.pl\/wp-content\/uploads\/2022\/09\/307032150_5577965122295332_426579000278013517_n-1-1024x472.jpg\" alt=\"\" class=\"wp-image-2328 lazyload\" src=\"data:image\/svg+xml;base64,PHN2ZyB3aWR0aD0iMSIgaGVpZ2h0PSIxIiB4bWxucz0iaHR0cDovL3d3dy53My5vcmcvMjAwMC9zdmciPjwvc3ZnPg==\" style=\"--smush-placeholder-width: 1024px; --smush-placeholder-aspect-ratio: 1024\/472;\" \/><\/figure>\n\n\n\n<figure class=\"wp-block-image aligncenter size-large\"><img decoding=\"async\" data-src=\"https:\/\/liceumnr1sochaczew.pl\/wp-content\/uploads\/2022\/09\/307770219_5577965055628672_1729767811346074701_n-1-472x1024.jpg\" alt=\"\" class=\"wp-image-2329 lazyload\" src=\"data:image\/svg+xml;base64,PHN2ZyB3aWR0aD0iMSIgaGVpZ2h0PSIxIiB4bWxucz0iaHR0cDovL3d3dy53My5vcmcvMjAwMC9zdmciPjwvc3ZnPg==\" style=\"--smush-placeholder-width: 472px; --smush-placeholder-aspect-ratio: 472\/1024;\" \/><\/figure>\n\n\n\n<figure class=\"wp-block-image size-large\"><img decoding=\"async\" data-src=\"https:\/\/liceumnr1sochaczew.pl\/wp-content\/uploads\/2022\/09\/307534781_5577965125628665_6497761540002355411_n-1-1024x473.jpg\" alt=\"\" class=\"wp-image-2331 lazyload\" src=\"data:image\/svg+xml;base64,PHN2ZyB3aWR0aD0iMSIgaGVpZ2h0PSIxIiB4bWxucz0iaHR0cDovL3d3dy53My5vcmcvMjAwMC9zdmciPjwvc3ZnPg==\" style=\"--smush-placeholder-width: 1024px; --smush-placeholder-aspect-ratio: 1024\/473;\" \/><\/figure>\n","protected":false},"excerpt":{"rendered":"<p>22 wrze\u015bnia 2022r. odby\u0142a si\u0119 w naszej szkole prelekcja w ramach projektu &#8222;Zosta\u0144 \u017bo\u0142nierzem RP &#8211; KANDYDAT&#8221; kt\u00f3r\u0105 przedstawi\u0142 major Robert Wojciechowski z Wydzia\u0142u Rekrutacji Wojskowej Komendy Uzupe\u0142nie\u0144 w P\u0142ocku. Uczniowie klasy maturalnej oraz kadeci Oddzia\u0142\u00f3w Przygotowania Wojskowego podczas spotkania zostali zapoznani z procedur\u0105 naboru ochotnik\u00f3w do pe\u0142nienia s\u0142u\u017cby wojskowej oraz dalsz\u0105 \u015bcie\u017ck\u0105 kszta\u0142cenia po [&hellip;]<\/p>\n","protected":false},"author":1,"featured_media":0,"comment_status":"closed","ping_status":"open","sticky":false,"template":"","format":"standard","meta":{"zakra_sidebar_layout":"customizer","zakra_remove_content_margin":false,"zakra_sidebar":"customizer","zakra_transparent_header":"customizer","zakra_logo":0,"zakra_main_header_style":"default","zakra_menu_item_color":"","zakra_menu_item_hover_color":"","zakra_menu_item_active_color":"","zakra_menu_active_style":"","zakra_page_header":true,"pgc_sgb_lightbox_settings":"","footnotes":""},"categories":[1],"tags":[],"class_list":["post-2321","post","type-post","status-publish","format-standard","hentry","category-bez-kategorii"],"_links":{"self":[{"href":"https:\/\/liceumnr1sochaczew.pl\/index.php\/wp-json\/wp\/v2\/posts\/2321","targetHints":{"allow":["GET"]}}],"collection":[{"href":"https:\/\/liceumnr1sochaczew.pl\/index.php\/wp-json\/wp\/v2\/posts"}],"about":[{"href":"https:\/\/liceumnr1sochaczew.pl\/index.php\/wp-json\/wp\/v2\/types\/post"}],"author":[{"embeddable":true,"href":"https:\/\/liceumnr1sochaczew.pl\/index.php\/wp-json\/wp\/v2\/users\/1"}],"replies":[{"embeddable":true,"href":"https:\/\/liceumnr1sochaczew.pl\/index.php\/wp-json\/wp\/v2\/comments?post=2321"}],"version-history":[{"count":1,"href":"https:\/\/liceumnr1sochaczew.pl\/index.php\/wp-json\/wp\/v2\/posts\/2321\/revisions"}],"predecessor-version":[{"id":4635,"href":"https:\/\/liceumnr1sochaczew.pl\/index.php\/wp-json\/wp\/v2\/posts\/2321\/revisions\/4635"}],"wp:attachment":[{"href":"https:\/\/liceumnr1sochaczew.pl\/index.php\/wp-json\/wp\/v2\/media?parent=2321"}],"wp:term":[{"taxonomy":"category","embeddable":true,"href":"https:\/\/liceumnr1sochaczew.pl\/index.php\/wp-json\/wp\/v2\/categories?post=2321"},{"taxonomy":"post_tag","embeddable":true,"href":"https:\/\/liceumnr1sochaczew.pl\/index.php\/wp-json\/wp\/v2\/tags?post=2321"}],"curies":[{"name":"wp","href":"https:\/\/api.w.org\/{rel}","templated":true}]}}