{"id":3669,"date":"2023-11-07T15:18:45","date_gmt":"2023-11-07T14:18:45","guid":{"rendered":"https:\/\/liceumnr1sochaczew.pl\/?p=3669"},"modified":"2024-07-31T14:40:03","modified_gmt":"2024-07-31T12:40:03","slug":"wazne-zebranie-z-rodzicami","status":"publish","type":"post","link":"https:\/\/liceumnr1sochaczew.pl\/index.php\/2023\/11\/07\/wazne-zebranie-z-rodzicami\/","title":{"rendered":"WA\u017bNE! Zebranie z rodzicami"},"content":{"rendered":"\n<p>Serdecznie zapraszamy wszystkich rodzic\u00f3w na spotkanie z wychowawcami oraz dzie\u0144 otwarty, kt\u00f3ry odb\u0119dzie si\u0119 14 listopada (wtorek) o godz. 17:30. W tym dniu do Pa\u0144stwa dyspozycji b\u0119d\u0105 r\u00f3wnie\u017c nauczyciele przedmiot\u00f3w. Zapraszamy.<\/p>\n\n\n\n<figure class=\"wp-block-gallery has-nested-images columns-default is-cropped wp-block-gallery-1 is-layout-flex wp-block-gallery-is-layout-flex\">\n<figure class=\"wp-block-image size-large\"><img fetchpriority=\"high\" decoding=\"async\" width=\"1024\" height=\"726\" data-id=\"3670\" src=\"https:\/\/liceumnr1sochaczew.pl\/wp-content\/uploads\/2023\/11\/Zielona-i-Rozowa-Organiczna-Subtelna-Osobista-Nowy-Rok-E-kartka-1024x726.png\" alt=\"\" class=\"wp-image-3670\" srcset=\"https:\/\/liceumnr1sochaczew.pl\/wp-content\/uploads\/2023\/11\/Zielona-i-Rozowa-Organiczna-Subtelna-Osobista-Nowy-Rok-E-kartka-1024x726.png 1024w, https:\/\/liceumnr1sochaczew.pl\/wp-content\/uploads\/2023\/11\/Zielona-i-Rozowa-Organiczna-Subtelna-Osobista-Nowy-Rok-E-kartka-300x213.png 300w, https:\/\/liceumnr1sochaczew.pl\/wp-content\/uploads\/2023\/11\/Zielona-i-Rozowa-Organiczna-Subtelna-Osobista-Nowy-Rok-E-kartka-768x545.png 768w, https:\/\/liceumnr1sochaczew.pl\/wp-content\/uploads\/2023\/11\/Zielona-i-Rozowa-Organiczna-Subtelna-Osobista-Nowy-Rok-E-kartka-1536x1090.png 1536w, https:\/\/liceumnr1sochaczew.pl\/wp-content\/uploads\/2023\/11\/Zielona-i-Rozowa-Organiczna-Subtelna-Osobista-Nowy-Rok-E-kartka.png 1748w\" sizes=\"(max-width: 1024px) 100vw, 1024px\" \/><\/figure>\n<\/figure>\n","protected":false},"excerpt":{"rendered":"<p>Serdecznie zapraszamy wszystkich rodzic\u00f3w na spotkanie z wychowawcami oraz dzie\u0144 otwarty, kt\u00f3ry odb\u0119dzie si\u0119 14 listopada (wtorek) o godz. 17:30. W tym dniu do Pa\u0144stwa dyspozycji b\u0119d\u0105 r\u00f3wnie\u017c nauczyciele przedmiot\u00f3w. Zapraszamy.<\/p>\n","protected":false},"author":3,"featured_media":0,"comment_status":"closed","ping_status":"open","sticky":false,"template":"","format":"standard","meta":{"zakra_sidebar_layout":"customizer","zakra_remove_content_margin":false,"zakra_sidebar":"customizer","zakra_transparent_header":"customizer","zakra_logo":0,"zakra_main_header_style":"default","zakra_menu_item_color":"","zakra_menu_item_hover_color":"","zakra_menu_item_active_color":"","zakra_menu_active_style":"","zakra_page_header":true,"pgc_sgb_lightbox_settings":"","footnotes":""},"categories":[1],"tags":[],"class_list":["post-3669","post","type-post","status-publish","format-standard","hentry","category-bez-kategorii"],"_links":{"self":[{"href":"https:\/\/liceumnr1sochaczew.pl\/index.php\/wp-json\/wp\/v2\/posts\/3669","targetHints":{"allow":["GET"]}}],"collection":[{"href":"https:\/\/liceumnr1sochaczew.pl\/index.php\/wp-json\/wp\/v2\/posts"}],"about":[{"href":"https:\/\/liceumnr1sochaczew.pl\/index.php\/wp-json\/wp\/v2\/types\/post"}],"author":[{"embeddable":true,"href":"https:\/\/liceumnr1sochaczew.pl\/index.php\/wp-json\/wp\/v2\/users\/3"}],"replies":[{"embeddable":true,"href":"https:\/\/liceumnr1sochaczew.pl\/index.php\/wp-json\/wp\/v2\/comments?post=3669"}],"version-history":[{"count":1,"href":"https:\/\/liceumnr1sochaczew.pl\/index.php\/wp-json\/wp\/v2\/posts\/3669\/revisions"}],"predecessor-version":[{"id":3671,"href":"https:\/\/liceumnr1sochaczew.pl\/index.php\/wp-json\/wp\/v2\/posts\/3669\/revisions\/3671"}],"wp:attachment":[{"href":"https:\/\/liceumnr1sochaczew.pl\/index.php\/wp-json\/wp\/v2\/media?parent=3669"}],"wp:term":[{"taxonomy":"category","embeddable":true,"href":"https:\/\/liceumnr1sochaczew.pl\/index.php\/wp-json\/wp\/v2\/categories?post=3669"},{"taxonomy":"post_tag","embeddable":true,"href":"https:\/\/liceumnr1sochaczew.pl\/index.php\/wp-json\/wp\/v2\/tags?post=3669"}],"curies":[{"name":"wp","href":"https:\/\/api.w.org\/{rel}","templated":true}]}}