{"id":4914,"date":"2024-10-17T14:33:02","date_gmt":"2024-10-17T12:33:02","guid":{"rendered":"https:\/\/liceumnr1sochaczew.pl\/?p=4914"},"modified":"2024-10-17T14:35:49","modified_gmt":"2024-10-17T12:35:49","slug":"hold-szkoly-pod-pomnikiem-papieza-jana-pawla-ii","status":"publish","type":"post","link":"https:\/\/liceumnr1sochaczew.pl\/index.php\/2024\/10\/17\/hold-szkoly-pod-pomnikiem-papieza-jana-pawla-ii\/","title":{"rendered":"Ho\u0142d szko\u0142y pod pomnikiem papie\u017ca Jana Paw\u0142a II"},"content":{"rendered":"\n<p>16 pa\u017adziernika przypada 46. rocznica wyboru kardyna\u0142a Karola Wojty\u0142y na papie\u017ca Jana Paw\u0142a II. Z tej okazji nasz poczet sztandarowy z\u0142o\u017cy\u0142 ho\u0142d pod pomnikiem Papie\u017ca Polaka przy ko\u015bciele \u015bw. Wawrzy\u0144ca M\u0119czennika i Diakona w Sochaczewie. To wa\u017cny dzie\u0144 w naszej historii, pe\u0142en refleksji nad warto\u015bciami, kt\u00f3re g\u0142osi\u0142 Jan Pawe\u0142 II.  <\/p>\n\n\n\n<figure class=\"wp-block-image size-large is-resized\"><img fetchpriority=\"high\" decoding=\"async\" width=\"472\" height=\"1024\" src=\"https:\/\/liceumnr1sochaczew.pl\/wp-content\/uploads\/2024\/10\/image00002-3-472x1024.jpeg\" alt=\"\" class=\"wp-image-4915\" style=\"width:355px;height:auto\" srcset=\"https:\/\/liceumnr1sochaczew.pl\/wp-content\/uploads\/2024\/10\/image00002-3-472x1024.jpeg 472w, https:\/\/liceumnr1sochaczew.pl\/wp-content\/uploads\/2024\/10\/image00002-3-138x300.jpeg 138w, https:\/\/liceumnr1sochaczew.pl\/wp-content\/uploads\/2024\/10\/image00002-3-708x1536.jpeg 708w, https:\/\/liceumnr1sochaczew.pl\/wp-content\/uploads\/2024\/10\/image00002-3.jpeg 738w\" sizes=\"(max-width: 472px) 100vw, 472px\" \/><\/figure>\n","protected":false},"excerpt":{"rendered":"<p>16 pa\u017adziernika przypada 46. rocznica wyboru kardyna\u0142a Karola Wojty\u0142y na papie\u017ca Jana Paw\u0142a II. Z tej okazji nasz poczet sztandarowy z\u0142o\u017cy\u0142 ho\u0142d pod pomnikiem Papie\u017ca Polaka przy ko\u015bciele \u015bw. Wawrzy\u0144ca M\u0119czennika i Diakona w Sochaczewie. To wa\u017cny dzie\u0144 w naszej historii, pe\u0142en refleksji nad warto\u015bciami, kt\u00f3re g\u0142osi\u0142 Jan Pawe\u0142 II.<\/p>\n","protected":false},"author":3,"featured_media":4917,"comment_status":"open","ping_status":"open","sticky":false,"template":"","format":"standard","meta":{"zakra_sidebar_layout":"customizer","zakra_remove_content_margin":false,"zakra_sidebar":"customizer","zakra_transparent_header":"customizer","zakra_logo":0,"zakra_main_header_style":"default","zakra_menu_item_color":"","zakra_menu_item_hover_color":"","zakra_menu_item_active_color":"","zakra_menu_active_style":"","zakra_page_header":true,"pgc_sgb_lightbox_settings":"","footnotes":""},"categories":[1],"tags":[],"class_list":["post-4914","post","type-post","status-publish","format-standard","has-post-thumbnail","hentry","category-bez-kategorii"],"_links":{"self":[{"href":"https:\/\/liceumnr1sochaczew.pl\/index.php\/wp-json\/wp\/v2\/posts\/4914","targetHints":{"allow":["GET"]}}],"collection":[{"href":"https:\/\/liceumnr1sochaczew.pl\/index.php\/wp-json\/wp\/v2\/posts"}],"about":[{"href":"https:\/\/liceumnr1sochaczew.pl\/index.php\/wp-json\/wp\/v2\/types\/post"}],"author":[{"embeddable":true,"href":"https:\/\/liceumnr1sochaczew.pl\/index.php\/wp-json\/wp\/v2\/users\/3"}],"replies":[{"embeddable":true,"href":"https:\/\/liceumnr1sochaczew.pl\/index.php\/wp-json\/wp\/v2\/comments?post=4914"}],"version-history":[{"count":1,"href":"https:\/\/liceumnr1sochaczew.pl\/index.php\/wp-json\/wp\/v2\/posts\/4914\/revisions"}],"predecessor-version":[{"id":4916,"href":"https:\/\/liceumnr1sochaczew.pl\/index.php\/wp-json\/wp\/v2\/posts\/4914\/revisions\/4916"}],"wp:featuredmedia":[{"embeddable":true,"href":"https:\/\/liceumnr1sochaczew.pl\/index.php\/wp-json\/wp\/v2\/media\/4917"}],"wp:attachment":[{"href":"https:\/\/liceumnr1sochaczew.pl\/index.php\/wp-json\/wp\/v2\/media?parent=4914"}],"wp:term":[{"taxonomy":"category","embeddable":true,"href":"https:\/\/liceumnr1sochaczew.pl\/index.php\/wp-json\/wp\/v2\/categories?post=4914"},{"taxonomy":"post_tag","embeddable":true,"href":"https:\/\/liceumnr1sochaczew.pl\/index.php\/wp-json\/wp\/v2\/tags?post=4914"}],"curies":[{"name":"wp","href":"https:\/\/api.w.org\/{rel}","templated":true}]}}