{"id":5060,"date":"2024-11-13T12:55:12","date_gmt":"2024-11-13T11:55:12","guid":{"rendered":"https:\/\/liceumnr1sochaczew.pl\/?p=5060"},"modified":"2024-11-13T13:06:00","modified_gmt":"2024-11-13T12:06:00","slug":"udzial-pocztu-sztandarowego-w-obchodach-106-rocznicy-odzyskania-niepodleglosci","status":"publish","type":"post","link":"https:\/\/liceumnr1sochaczew.pl\/index.php\/2024\/11\/13\/udzial-pocztu-sztandarowego-w-obchodach-106-rocznicy-odzyskania-niepodleglosci\/","title":{"rendered":"Udzia\u0142 pocztu sztandarowego w obchodach 106. rocznicy odzyskania Niepodleg\u0142o\u015bci"},"content":{"rendered":"\n<p>W poniedzia\u0142ek 11 listopada poczet sztandarowy naszej szko\u0142y uczestniczy\u0142 w oficjalnych obchodach 106. rocznicy odzyskania przez Polsk\u0119 Niepodleg\u0142o\u015bci. Uroczysto\u015bci rozpocz\u0119\u0142y si\u0119 o godzinie 11:00 pod popiersiem Marsza\u0142ka J\u00f3zefa Pi\u0142sudskiego, gdzie oddano ho\u0142d wszystkim, kt\u00f3rzy walczyli o wolno\u015b\u0107 naszej Ojczyzny. <\/p>\n\n\n\n<figure class=\"wp-block-image size-full is-resized\"><img fetchpriority=\"high\" decoding=\"async\" width=\"738\" height=\"1600\" src=\"https:\/\/liceumnr1sochaczew.pl\/wp-content\/uploads\/2024\/11\/image00002-4.jpeg\" alt=\"\" class=\"wp-image-5061\" style=\"width:488px;height:auto\" srcset=\"https:\/\/liceumnr1sochaczew.pl\/wp-content\/uploads\/2024\/11\/image00002-4.jpeg 738w, https:\/\/liceumnr1sochaczew.pl\/wp-content\/uploads\/2024\/11\/image00002-4-138x300.jpeg 138w, https:\/\/liceumnr1sochaczew.pl\/wp-content\/uploads\/2024\/11\/image00002-4-472x1024.jpeg 472w, https:\/\/liceumnr1sochaczew.pl\/wp-content\/uploads\/2024\/11\/image00002-4-708x1536.jpeg 708w\" sizes=\"(max-width: 738px) 100vw, 738px\" \/><\/figure>\n\n\n\n<figure class=\"wp-block-image size-large is-resized\"><img decoding=\"async\" width=\"472\" height=\"1024\" data-src=\"https:\/\/liceumnr1sochaczew.pl\/wp-content\/uploads\/2024\/11\/image00001-4-472x1024.jpeg\" alt=\"\" class=\"wp-image-5062 lazyload\" style=\"--smush-placeholder-width: 472px; --smush-placeholder-aspect-ratio: 472\/1024;width:494px;height:auto\" data-srcset=\"https:\/\/liceumnr1sochaczew.pl\/wp-content\/uploads\/2024\/11\/image00001-4-472x1024.jpeg 472w, https:\/\/liceumnr1sochaczew.pl\/wp-content\/uploads\/2024\/11\/image00001-4-138x300.jpeg 138w, https:\/\/liceumnr1sochaczew.pl\/wp-content\/uploads\/2024\/11\/image00001-4-708x1536.jpeg 708w, https:\/\/liceumnr1sochaczew.pl\/wp-content\/uploads\/2024\/11\/image00001-4.jpeg 738w\" data-sizes=\"(max-width: 472px) 100vw, 472px\" src=\"data:image\/svg+xml;base64,PHN2ZyB3aWR0aD0iMSIgaGVpZ2h0PSIxIiB4bWxucz0iaHR0cDovL3d3dy53My5vcmcvMjAwMC9zdmciPjwvc3ZnPg==\" \/><\/figure>\n","protected":false},"excerpt":{"rendered":"<p>W poniedzia\u0142ek 11 listopada poczet sztandarowy naszej szko\u0142y uczestniczy\u0142 w oficjalnych obchodach 106. rocznicy odzyskania przez Polsk\u0119 Niepodleg\u0142o\u015bci. Uroczysto\u015bci rozpocz\u0119\u0142y si\u0119 o godzinie 11:00 pod popiersiem Marsza\u0142ka J\u00f3zefa Pi\u0142sudskiego, gdzie oddano ho\u0142d wszystkim, kt\u00f3rzy walczyli o wolno\u015b\u0107 naszej Ojczyzny.<\/p>\n","protected":false},"author":3,"featured_media":5064,"comment_status":"open","ping_status":"open","sticky":false,"template":"","format":"standard","meta":{"zakra_sidebar_layout":"customizer","zakra_remove_content_margin":false,"zakra_sidebar":"customizer","zakra_transparent_header":"customizer","zakra_logo":0,"zakra_main_header_style":"default","zakra_menu_item_color":"","zakra_menu_item_hover_color":"","zakra_menu_item_active_color":"","zakra_menu_active_style":"","zakra_page_header":true,"pgc_sgb_lightbox_settings":"","footnotes":""},"categories":[1],"tags":[],"class_list":["post-5060","post","type-post","status-publish","format-standard","has-post-thumbnail","hentry","category-bez-kategorii"],"_links":{"self":[{"href":"https:\/\/liceumnr1sochaczew.pl\/index.php\/wp-json\/wp\/v2\/posts\/5060","targetHints":{"allow":["GET"]}}],"collection":[{"href":"https:\/\/liceumnr1sochaczew.pl\/index.php\/wp-json\/wp\/v2\/posts"}],"about":[{"href":"https:\/\/liceumnr1sochaczew.pl\/index.php\/wp-json\/wp\/v2\/types\/post"}],"author":[{"embeddable":true,"href":"https:\/\/liceumnr1sochaczew.pl\/index.php\/wp-json\/wp\/v2\/users\/3"}],"replies":[{"embeddable":true,"href":"https:\/\/liceumnr1sochaczew.pl\/index.php\/wp-json\/wp\/v2\/comments?post=5060"}],"version-history":[{"count":1,"href":"https:\/\/liceumnr1sochaczew.pl\/index.php\/wp-json\/wp\/v2\/posts\/5060\/revisions"}],"predecessor-version":[{"id":5063,"href":"https:\/\/liceumnr1sochaczew.pl\/index.php\/wp-json\/wp\/v2\/posts\/5060\/revisions\/5063"}],"wp:featuredmedia":[{"embeddable":true,"href":"https:\/\/liceumnr1sochaczew.pl\/index.php\/wp-json\/wp\/v2\/media\/5064"}],"wp:attachment":[{"href":"https:\/\/liceumnr1sochaczew.pl\/index.php\/wp-json\/wp\/v2\/media?parent=5060"}],"wp:term":[{"taxonomy":"category","embeddable":true,"href":"https:\/\/liceumnr1sochaczew.pl\/index.php\/wp-json\/wp\/v2\/categories?post=5060"},{"taxonomy":"post_tag","embeddable":true,"href":"https:\/\/liceumnr1sochaczew.pl\/index.php\/wp-json\/wp\/v2\/tags?post=5060"}],"curies":[{"name":"wp","href":"https:\/\/api.w.org\/{rel}","templated":true}]}}