{"id":5552,"date":"2025-03-05T09:26:10","date_gmt":"2025-03-05T08:26:10","guid":{"rendered":"https:\/\/liceumnr1sochaczew.pl\/?p=5552"},"modified":"2025-03-05T09:26:10","modified_gmt":"2025-03-05T08:26:10","slug":"nasze-uczennice-na-eliminacjach-festiwalu-poezji-i-piesni-patriotycznej-nie-mowie-szeptem-gdy-mowie-skad-jestem","status":"publish","type":"post","link":"https:\/\/liceumnr1sochaczew.pl\/index.php\/2025\/03\/05\/nasze-uczennice-na-eliminacjach-festiwalu-poezji-i-piesni-patriotycznej-nie-mowie-szeptem-gdy-mowie-skad-jestem\/","title":{"rendered":"Nasze uczennice na eliminacjach Festiwalu Poezji i Pie\u015bni Patriotycznej &#8222;Nie m\u00f3wi\u0119 szeptem, gdy m\u00f3wi\u0119 sk\u0105d jestem&#8221;"},"content":{"rendered":"\n<p>1 marca w Kramnicach Miejskich odby\u0142y si\u0119 eliminacj\u0119 do XII edycji Festiwalu Poezji Patriotycznej &#8222;Nie m\u00f3wi\u0119 szeptem, gdy m\u00f3wi\u0119 sk\u0105d jestem&#8221; wydarzenia obj\u0119tego honorowym patronatem Prezydenta Rzeczypospolitej Pospolitej, Andrzeja Dudy. Nasz\u0105 szko\u0142\u0119 godnie reprezentowa\u0142y: <br>* Anna Bechcicka, uczennica klasy I, kt\u00f3ra zaprezentowa\u0142a utw\u00f3r &#8222;Dziewczyna z granatem&#8221;;<br>* Zuzanna Wo\u017anicka, uczennica klasy III C, kt\u00f3ra wykona\u0142a utw\u00f3r &#8222;Bia\u0142y krzy\u017ca&#8221;.<br>Serdecznie dzi\u0119kujemy naszym zdolnym uczennicom za pi\u0119kne wykonania i reprezentowanie szko\u0142y w tym wyj\u0105tkowym festiwalu. <\/p>\n\n\n\n<figure class=\"wp-block-image size-large\"><img fetchpriority=\"high\" decoding=\"async\" width=\"1024\" height=\"461\" src=\"https:\/\/liceumnr1sochaczew.pl\/wp-content\/uploads\/2025\/03\/image00001-4-1024x461.jpeg\" alt=\"\" class=\"wp-image-5553\" srcset=\"https:\/\/liceumnr1sochaczew.pl\/wp-content\/uploads\/2025\/03\/image00001-4-1024x461.jpeg 1024w, https:\/\/liceumnr1sochaczew.pl\/wp-content\/uploads\/2025\/03\/image00001-4-300x135.jpeg 300w, https:\/\/liceumnr1sochaczew.pl\/wp-content\/uploads\/2025\/03\/image00001-4-768x346.jpeg 768w, https:\/\/liceumnr1sochaczew.pl\/wp-content\/uploads\/2025\/03\/image00001-4-1536x691.jpeg 1536w, https:\/\/liceumnr1sochaczew.pl\/wp-content\/uploads\/2025\/03\/image00001-4.jpeg 1600w\" sizes=\"(max-width: 1024px) 100vw, 1024px\" \/><\/figure>\n\n\n\n<figure class=\"wp-block-image size-large\"><img decoding=\"async\" width=\"1024\" height=\"461\" data-src=\"https:\/\/liceumnr1sochaczew.pl\/wp-content\/uploads\/2025\/03\/image00006-3-1024x461.jpeg\" alt=\"\" class=\"wp-image-5554 lazyload\" data-srcset=\"https:\/\/liceumnr1sochaczew.pl\/wp-content\/uploads\/2025\/03\/image00006-3-1024x461.jpeg 1024w, https:\/\/liceumnr1sochaczew.pl\/wp-content\/uploads\/2025\/03\/image00006-3-300x135.jpeg 300w, https:\/\/liceumnr1sochaczew.pl\/wp-content\/uploads\/2025\/03\/image00006-3-768x346.jpeg 768w, https:\/\/liceumnr1sochaczew.pl\/wp-content\/uploads\/2025\/03\/image00006-3-1536x691.jpeg 1536w, https:\/\/liceumnr1sochaczew.pl\/wp-content\/uploads\/2025\/03\/image00006-3.jpeg 1600w\" data-sizes=\"(max-width: 1024px) 100vw, 1024px\" src=\"data:image\/svg+xml;base64,PHN2ZyB3aWR0aD0iMSIgaGVpZ2h0PSIxIiB4bWxucz0iaHR0cDovL3d3dy53My5vcmcvMjAwMC9zdmciPjwvc3ZnPg==\" style=\"--smush-placeholder-width: 1024px; --smush-placeholder-aspect-ratio: 1024\/461;\" \/><\/figure>\n\n\n\n<figure class=\"wp-block-image size-large\"><img decoding=\"async\" width=\"1024\" height=\"461\" data-src=\"https:\/\/liceumnr1sochaczew.pl\/wp-content\/uploads\/2025\/03\/image00005-4-1024x461.jpeg\" alt=\"\" class=\"wp-image-5555 lazyload\" data-srcset=\"https:\/\/liceumnr1sochaczew.pl\/wp-content\/uploads\/2025\/03\/image00005-4-1024x461.jpeg 1024w, https:\/\/liceumnr1sochaczew.pl\/wp-content\/uploads\/2025\/03\/image00005-4-300x135.jpeg 300w, https:\/\/liceumnr1sochaczew.pl\/wp-content\/uploads\/2025\/03\/image00005-4-768x346.jpeg 768w, https:\/\/liceumnr1sochaczew.pl\/wp-content\/uploads\/2025\/03\/image00005-4-1536x691.jpeg 1536w, https:\/\/liceumnr1sochaczew.pl\/wp-content\/uploads\/2025\/03\/image00005-4.jpeg 1600w\" data-sizes=\"(max-width: 1024px) 100vw, 1024px\" src=\"data:image\/svg+xml;base64,PHN2ZyB3aWR0aD0iMSIgaGVpZ2h0PSIxIiB4bWxucz0iaHR0cDovL3d3dy53My5vcmcvMjAwMC9zdmciPjwvc3ZnPg==\" style=\"--smush-placeholder-width: 1024px; --smush-placeholder-aspect-ratio: 1024\/461;\" \/><\/figure>\n\n\n\n<figure class=\"wp-block-image size-large\"><img decoding=\"async\" width=\"461\" height=\"1024\" data-src=\"https:\/\/liceumnr1sochaczew.pl\/wp-content\/uploads\/2025\/03\/image00002-5-461x1024.jpeg\" alt=\"\" class=\"wp-image-5556 lazyload\" data-srcset=\"https:\/\/liceumnr1sochaczew.pl\/wp-content\/uploads\/2025\/03\/image00002-5-461x1024.jpeg 461w, https:\/\/liceumnr1sochaczew.pl\/wp-content\/uploads\/2025\/03\/image00002-5-135x300.jpeg 135w, https:\/\/liceumnr1sochaczew.pl\/wp-content\/uploads\/2025\/03\/image00002-5-691x1536.jpeg 691w, https:\/\/liceumnr1sochaczew.pl\/wp-content\/uploads\/2025\/03\/image00002-5.jpeg 720w\" data-sizes=\"(max-width: 461px) 100vw, 461px\" src=\"data:image\/svg+xml;base64,PHN2ZyB3aWR0aD0iMSIgaGVpZ2h0PSIxIiB4bWxucz0iaHR0cDovL3d3dy53My5vcmcvMjAwMC9zdmciPjwvc3ZnPg==\" style=\"--smush-placeholder-width: 461px; --smush-placeholder-aspect-ratio: 461\/1024;\" \/><\/figure>\n","protected":false},"excerpt":{"rendered":"<p>1 marca w Kramnicach Miejskich odby\u0142y si\u0119 eliminacj\u0119 do XII edycji Festiwalu Poezji Patriotycznej &#8222;Nie m\u00f3wi\u0119 szeptem, gdy m\u00f3wi\u0119 sk\u0105d jestem&#8221; wydarzenia obj\u0119tego honorowym patronatem Prezydenta Rzeczypospolitej Pospolitej, Andrzeja Dudy. Nasz\u0105 szko\u0142\u0119 godnie reprezentowa\u0142y: * Anna Bechcicka, uczennica klasy I, kt\u00f3ra zaprezentowa\u0142a utw\u00f3r &#8222;Dziewczyna z granatem&#8221;;* Zuzanna Wo\u017anicka, uczennica klasy III C, kt\u00f3ra wykona\u0142a utw\u00f3r [&hellip;]<\/p>\n","protected":false},"author":3,"featured_media":5557,"comment_status":"open","ping_status":"open","sticky":false,"template":"","format":"standard","meta":{"zakra_sidebar_layout":"customizer","zakra_remove_content_margin":false,"zakra_sidebar":"customizer","zakra_transparent_header":"customizer","zakra_logo":0,"zakra_main_header_style":"default","zakra_menu_item_color":"","zakra_menu_item_hover_color":"","zakra_menu_item_active_color":"","zakra_menu_active_style":"","zakra_page_header":true,"pgc_sgb_lightbox_settings":"","footnotes":""},"categories":[1],"tags":[],"class_list":["post-5552","post","type-post","status-publish","format-standard","has-post-thumbnail","hentry","category-bez-kategorii"],"_links":{"self":[{"href":"https:\/\/liceumnr1sochaczew.pl\/index.php\/wp-json\/wp\/v2\/posts\/5552","targetHints":{"allow":["GET"]}}],"collection":[{"href":"https:\/\/liceumnr1sochaczew.pl\/index.php\/wp-json\/wp\/v2\/posts"}],"about":[{"href":"https:\/\/liceumnr1sochaczew.pl\/index.php\/wp-json\/wp\/v2\/types\/post"}],"author":[{"embeddable":true,"href":"https:\/\/liceumnr1sochaczew.pl\/index.php\/wp-json\/wp\/v2\/users\/3"}],"replies":[{"embeddable":true,"href":"https:\/\/liceumnr1sochaczew.pl\/index.php\/wp-json\/wp\/v2\/comments?post=5552"}],"version-history":[{"count":1,"href":"https:\/\/liceumnr1sochaczew.pl\/index.php\/wp-json\/wp\/v2\/posts\/5552\/revisions"}],"predecessor-version":[{"id":5558,"href":"https:\/\/liceumnr1sochaczew.pl\/index.php\/wp-json\/wp\/v2\/posts\/5552\/revisions\/5558"}],"wp:featuredmedia":[{"embeddable":true,"href":"https:\/\/liceumnr1sochaczew.pl\/index.php\/wp-json\/wp\/v2\/media\/5557"}],"wp:attachment":[{"href":"https:\/\/liceumnr1sochaczew.pl\/index.php\/wp-json\/wp\/v2\/media?parent=5552"}],"wp:term":[{"taxonomy":"category","embeddable":true,"href":"https:\/\/liceumnr1sochaczew.pl\/index.php\/wp-json\/wp\/v2\/categories?post=5552"},{"taxonomy":"post_tag","embeddable":true,"href":"https:\/\/liceumnr1sochaczew.pl\/index.php\/wp-json\/wp\/v2\/tags?post=5552"}],"curies":[{"name":"wp","href":"https:\/\/api.w.org\/{rel}","templated":true}]}}