{"id":5842,"date":"2025-06-17T10:27:57","date_gmt":"2025-06-17T08:27:57","guid":{"rendered":"https:\/\/liceumnr1sochaczew.pl\/?p=5842"},"modified":"2025-06-17T10:27:58","modified_gmt":"2025-06-17T08:27:58","slug":"poczet-sztandarowy-podczas-dni-sochaczewa-2025","status":"publish","type":"post","link":"https:\/\/liceumnr1sochaczew.pl\/index.php\/2025\/06\/17\/poczet-sztandarowy-podczas-dni-sochaczewa-2025\/","title":{"rendered":"Poczet sztandarowy podczas Dni Sochaczewa 2025"},"content":{"rendered":"\n<p>W dniach 14-15 czerwca 2025r.. nasz poczet sztandarowy godnie reprezentowa\u0142 szko\u0142\u0119 podczas obchod\u00f3w Dni Sochaczewa. W sobot\u0119 uczniowie wzi\u0119li udzia\u0142 w uroczysto\u015bciach wr\u0119czenia sztandaru dla Ko\u0142a nr 5 im. 32 Pu\u0142ku Lotnictwa Rozpoznania Taktycznego Zwi\u0105zku \u017bo\u0142nierzy Wojska Polskiego w Sochaczewie. O godz. 11:00 uczestniczyli we Mszy \u015awi\u0119tej w ko\u015bciele pw. Matki Bo\u017cej R\u00f3\u017ca\u0144cowej, a o 12:15 w uroczysto\u015bci oficjalnego wr\u0119czenia sztandaru na placu Tadeusza Ko\u015bciuszki. W niedziel\u0119 poczet bra\u0142 udzia\u0142 w Mszy \u015bwi\u0119tej o godz. 12:30 , odprawionej w intencji mieszka\u0144c\u00f3w Sochaczewa. Dzi\u0119kujemy za odpowiedzialn\u0105 postaw\u0119 i pi\u0119kne reprezentowanie szko\u0142y podczas wa\u017cnych wydarze\u0144 lokalnych.<\/p>\n\n\n\n<figure class=\"wp-block-image size-large\"><img fetchpriority=\"high\" decoding=\"async\" width=\"461\" height=\"1024\" src=\"https:\/\/liceumnr1sochaczew.pl\/wp-content\/uploads\/2025\/06\/image00001-2-461x1024.jpeg\" alt=\"\" class=\"wp-image-5843\" srcset=\"https:\/\/liceumnr1sochaczew.pl\/wp-content\/uploads\/2025\/06\/image00001-2-461x1024.jpeg 461w, https:\/\/liceumnr1sochaczew.pl\/wp-content\/uploads\/2025\/06\/image00001-2-135x300.jpeg 135w, https:\/\/liceumnr1sochaczew.pl\/wp-content\/uploads\/2025\/06\/image00001-2-691x1536.jpeg 691w, https:\/\/liceumnr1sochaczew.pl\/wp-content\/uploads\/2025\/06\/image00001-2.jpeg 720w\" sizes=\"(max-width: 461px) 100vw, 461px\" \/><\/figure>\n\n\n\n<figure class=\"wp-block-image size-large\"><img decoding=\"async\" width=\"461\" height=\"1024\" data-src=\"https:\/\/liceumnr1sochaczew.pl\/wp-content\/uploads\/2025\/06\/image00003-2-461x1024.jpeg\" alt=\"\" class=\"wp-image-5844 lazyload\" data-srcset=\"https:\/\/liceumnr1sochaczew.pl\/wp-content\/uploads\/2025\/06\/image00003-2-461x1024.jpeg 461w, https:\/\/liceumnr1sochaczew.pl\/wp-content\/uploads\/2025\/06\/image00003-2-135x300.jpeg 135w, https:\/\/liceumnr1sochaczew.pl\/wp-content\/uploads\/2025\/06\/image00003-2-691x1536.jpeg 691w, https:\/\/liceumnr1sochaczew.pl\/wp-content\/uploads\/2025\/06\/image00003-2.jpeg 720w\" data-sizes=\"(max-width: 461px) 100vw, 461px\" src=\"data:image\/svg+xml;base64,PHN2ZyB3aWR0aD0iMSIgaGVpZ2h0PSIxIiB4bWxucz0iaHR0cDovL3d3dy53My5vcmcvMjAwMC9zdmciPjwvc3ZnPg==\" style=\"--smush-placeholder-width: 461px; --smush-placeholder-aspect-ratio: 461\/1024;\" \/><\/figure>\n\n\n\n<figure class=\"wp-block-image size-large\"><img decoding=\"async\" width=\"1024\" height=\"461\" data-src=\"https:\/\/liceumnr1sochaczew.pl\/wp-content\/uploads\/2025\/06\/image00004-1-1024x461.jpeg\" alt=\"\" class=\"wp-image-5845 lazyload\" data-srcset=\"https:\/\/liceumnr1sochaczew.pl\/wp-content\/uploads\/2025\/06\/image00004-1-1024x461.jpeg 1024w, https:\/\/liceumnr1sochaczew.pl\/wp-content\/uploads\/2025\/06\/image00004-1-300x135.jpeg 300w, https:\/\/liceumnr1sochaczew.pl\/wp-content\/uploads\/2025\/06\/image00004-1-768x346.jpeg 768w, https:\/\/liceumnr1sochaczew.pl\/wp-content\/uploads\/2025\/06\/image00004-1-1536x691.jpeg 1536w, https:\/\/liceumnr1sochaczew.pl\/wp-content\/uploads\/2025\/06\/image00004-1.jpeg 1600w\" data-sizes=\"(max-width: 1024px) 100vw, 1024px\" src=\"data:image\/svg+xml;base64,PHN2ZyB3aWR0aD0iMSIgaGVpZ2h0PSIxIiB4bWxucz0iaHR0cDovL3d3dy53My5vcmcvMjAwMC9zdmciPjwvc3ZnPg==\" style=\"--smush-placeholder-width: 1024px; --smush-placeholder-aspect-ratio: 1024\/461;\" \/><\/figure>\n\n\n\n<figure class=\"wp-block-image size-large\"><img decoding=\"async\" width=\"1024\" height=\"461\" data-src=\"https:\/\/liceumnr1sochaczew.pl\/wp-content\/uploads\/2025\/06\/image00005-1-1024x461.jpeg\" alt=\"\" class=\"wp-image-5846 lazyload\" data-srcset=\"https:\/\/liceumnr1sochaczew.pl\/wp-content\/uploads\/2025\/06\/image00005-1-1024x461.jpeg 1024w, https:\/\/liceumnr1sochaczew.pl\/wp-content\/uploads\/2025\/06\/image00005-1-300x135.jpeg 300w, https:\/\/liceumnr1sochaczew.pl\/wp-content\/uploads\/2025\/06\/image00005-1-768x346.jpeg 768w, https:\/\/liceumnr1sochaczew.pl\/wp-content\/uploads\/2025\/06\/image00005-1-1536x691.jpeg 1536w, https:\/\/liceumnr1sochaczew.pl\/wp-content\/uploads\/2025\/06\/image00005-1.jpeg 1600w\" data-sizes=\"(max-width: 1024px) 100vw, 1024px\" src=\"data:image\/svg+xml;base64,PHN2ZyB3aWR0aD0iMSIgaGVpZ2h0PSIxIiB4bWxucz0iaHR0cDovL3d3dy53My5vcmcvMjAwMC9zdmciPjwvc3ZnPg==\" style=\"--smush-placeholder-width: 1024px; --smush-placeholder-aspect-ratio: 1024\/461;\" \/><\/figure>\n\n\n\n<figure class=\"wp-block-image size-full\"><img decoding=\"async\" width=\"720\" height=\"480\" data-src=\"https:\/\/liceumnr1sochaczew.pl\/wp-content\/uploads\/2025\/06\/image00002-2.jpeg\" alt=\"\" class=\"wp-image-5847 lazyload\" data-srcset=\"https:\/\/liceumnr1sochaczew.pl\/wp-content\/uploads\/2025\/06\/image00002-2.jpeg 720w, https:\/\/liceumnr1sochaczew.pl\/wp-content\/uploads\/2025\/06\/image00002-2-300x200.jpeg 300w\" data-sizes=\"(max-width: 720px) 100vw, 720px\" src=\"data:image\/svg+xml;base64,PHN2ZyB3aWR0aD0iMSIgaGVpZ2h0PSIxIiB4bWxucz0iaHR0cDovL3d3dy53My5vcmcvMjAwMC9zdmciPjwvc3ZnPg==\" style=\"--smush-placeholder-width: 720px; --smush-placeholder-aspect-ratio: 720\/480;\" \/><\/figure>\n","protected":false},"excerpt":{"rendered":"<p>W dniach 14-15 czerwca 2025r.. nasz poczet sztandarowy godnie reprezentowa\u0142 szko\u0142\u0119 podczas obchod\u00f3w Dni Sochaczewa. W sobot\u0119 uczniowie wzi\u0119li udzia\u0142 w uroczysto\u015bciach wr\u0119czenia sztandaru dla Ko\u0142a nr 5 im. 32 Pu\u0142ku Lotnictwa Rozpoznania Taktycznego Zwi\u0105zku \u017bo\u0142nierzy Wojska Polskiego w Sochaczewie. O godz. 11:00 uczestniczyli we Mszy \u015awi\u0119tej w ko\u015bciele pw. Matki Bo\u017cej R\u00f3\u017ca\u0144cowej, a o [&hellip;]<\/p>\n","protected":false},"author":3,"featured_media":5848,"comment_status":"open","ping_status":"open","sticky":false,"template":"","format":"standard","meta":{"zakra_sidebar_layout":"customizer","zakra_remove_content_margin":false,"zakra_sidebar":"customizer","zakra_transparent_header":"customizer","zakra_logo":0,"zakra_main_header_style":"default","zakra_menu_item_color":"","zakra_menu_item_hover_color":"","zakra_menu_item_active_color":"","zakra_menu_active_style":"","zakra_page_header":true,"pgc_sgb_lightbox_settings":"","footnotes":""},"categories":[1],"tags":[],"class_list":["post-5842","post","type-post","status-publish","format-standard","has-post-thumbnail","hentry","category-bez-kategorii"],"_links":{"self":[{"href":"https:\/\/liceumnr1sochaczew.pl\/index.php\/wp-json\/wp\/v2\/posts\/5842","targetHints":{"allow":["GET"]}}],"collection":[{"href":"https:\/\/liceumnr1sochaczew.pl\/index.php\/wp-json\/wp\/v2\/posts"}],"about":[{"href":"https:\/\/liceumnr1sochaczew.pl\/index.php\/wp-json\/wp\/v2\/types\/post"}],"author":[{"embeddable":true,"href":"https:\/\/liceumnr1sochaczew.pl\/index.php\/wp-json\/wp\/v2\/users\/3"}],"replies":[{"embeddable":true,"href":"https:\/\/liceumnr1sochaczew.pl\/index.php\/wp-json\/wp\/v2\/comments?post=5842"}],"version-history":[{"count":1,"href":"https:\/\/liceumnr1sochaczew.pl\/index.php\/wp-json\/wp\/v2\/posts\/5842\/revisions"}],"predecessor-version":[{"id":5849,"href":"https:\/\/liceumnr1sochaczew.pl\/index.php\/wp-json\/wp\/v2\/posts\/5842\/revisions\/5849"}],"wp:featuredmedia":[{"embeddable":true,"href":"https:\/\/liceumnr1sochaczew.pl\/index.php\/wp-json\/wp\/v2\/media\/5848"}],"wp:attachment":[{"href":"https:\/\/liceumnr1sochaczew.pl\/index.php\/wp-json\/wp\/v2\/media?parent=5842"}],"wp:term":[{"taxonomy":"category","embeddable":true,"href":"https:\/\/liceumnr1sochaczew.pl\/index.php\/wp-json\/wp\/v2\/categories?post=5842"},{"taxonomy":"post_tag","embeddable":true,"href":"https:\/\/liceumnr1sochaczew.pl\/index.php\/wp-json\/wp\/v2\/tags?post=5842"}],"curies":[{"name":"wp","href":"https:\/\/api.w.org\/{rel}","templated":true}]}}